{"id":6421,"date":"2018-05-30T12:39:37","date_gmt":"2018-05-30T10:39:37","guid":{"rendered":"https:\/\/www.neeb-werbesysteme.de\/news\/?p=6421"},"modified":"2023-12-15T15:33:13","modified_gmt":"2023-12-15T14:33:13","slug":"textilrahmen-stand-spannrahmen-fuer-textilbanner","status":"publish","type":"post","link":"https:\/\/www.neeb-werbesysteme.de\/news\/praesentationssysteme\/textilrahmen-stand-spannrahmen-fuer-textilbanner\/","title":{"rendered":"Textilrahmen STAND Spannrahmen f\u00fcr Textilbanner"},"content":{"rendered":"<p>Der <strong>Textilspannrahmen Stand<\/strong> ist ein freistehender doppelseitiger <strong>Textilrahmen<\/strong> f\u00fcr den <strong>Textilbanner Druck<\/strong>. Textilbannerrahmen aus Aluminium mit doppelseitigen 44 mm Textil-Profilen inkl. Verbindungselemente, Schrauben und Inbusschl\u00fcssel. <!--more--><\/p>\n<p>F\u00fcr eine bessere Standfestigkeit wird der Textilspannrahmen je nach Format mit 2-5 extra gro\u00dfen Fu\u00dfplatten mit Seitenst\u00fctze (500 x 160 mm, ca. 3,6 kg pro Fu\u00dfplatte) geliefert.<\/p>\n<h2>Textilbanner Druck<\/h2>\n<p>In der Preisliste finden Sie Beispielpreise f\u00fcr Den Textilbanner Druck auf Dekorstoff ca. 210 g\/m\u00b2 matt inkl. f\u00fcr einseitige Bespannung. Das Textilbanner ist B1-zertifiziert und umlaufend mit Keder konfektioniert. Textilrahmen inkl. Banner f\u00fcr beidseitige Bespannung bieten wir Ihnen gerne auf Anfrage an.<\/p>\n<h2>Textilspannrahmen mit Beleuchtung<\/h2>\n<p>Der Textilspannrahmen Stand ist auch mit Beleuchtung erh\u00e4ltlich.<\/p>\n","protected":false},"excerpt":{"rendered":"<p>Der Textilspannrahmen Stand ist ein freistehender doppelseitiger Textilrahmen f\u00fcr den Textilbanner Druck. Textilbannerrahmen aus Aluminium mit doppelseitigen 44 mm Textil-Profilen inkl. Verbindungselemente, Schrauben und Inbusschl\u00fcssel.<\/p>\n","protected":false},"author":1,"featured_media":0,"comment_status":"open","ping_status":"open","sticky":false,"template":"","format":"standard","meta":{"_acf_changed":false,"footnotes":""},"categories":[7,1260],"tags":[335,393,684,1111,1112,1113,1114,1218],"class_list":{"0":"post-6421","1":"post","2":"type-post","3":"status-publish","4":"format-standard","6":"category-praesentationssysteme","7":"category-textilrahmen-fuer-textilbanner","8":"tag-textilspannrahmen","9":"tag-textil-spannrahmen","10":"tag-textilbanner-druck","11":"tag-textilspannrahmen-stand","12":"tag-textilrahmen","13":"tag-textilbanner-spannrahmen","14":"tag-textilbannerrahmen","15":"tag-textilspannrahmen-beleuchtung"},"acf":[],"_links":{"self":[{"href":"https:\/\/www.neeb-werbesysteme.de\/news\/wp-json\/wp\/v2\/posts\/6421","targetHints":{"allow":["GET"]}}],"collection":[{"href":"https:\/\/www.neeb-werbesysteme.de\/news\/wp-json\/wp\/v2\/posts"}],"about":[{"href":"https:\/\/www.neeb-werbesysteme.de\/news\/wp-json\/wp\/v2\/types\/post"}],"author":[{"embeddable":true,"href":"https:\/\/www.neeb-werbesysteme.de\/news\/wp-json\/wp\/v2\/users\/1"}],"replies":[{"embeddable":true,"href":"https:\/\/www.neeb-werbesysteme.de\/news\/wp-json\/wp\/v2\/comments?post=6421"}],"version-history":[{"count":3,"href":"https:\/\/www.neeb-werbesysteme.de\/news\/wp-json\/wp\/v2\/posts\/6421\/revisions"}],"predecessor-version":[{"id":10100,"href":"https:\/\/www.neeb-werbesysteme.de\/news\/wp-json\/wp\/v2\/posts\/6421\/revisions\/10100"}],"wp:attachment":[{"href":"https:\/\/www.neeb-werbesysteme.de\/news\/wp-json\/wp\/v2\/media?parent=6421"}],"wp:term":[{"taxonomy":"category","embeddable":true,"href":"https:\/\/www.neeb-werbesysteme.de\/news\/wp-json\/wp\/v2\/categories?post=6421"},{"taxonomy":"post_tag","embeddable":true,"href":"https:\/\/www.neeb-werbesysteme.de\/news\/wp-json\/wp\/v2\/tags?post=6421"}],"curies":[{"name":"wp","href":"https:\/\/api.w.org\/{rel}","templated":true}]}}