{"id":5896,"date":"2013-08-18T12:06:01","date_gmt":"2013-08-18T10:06:01","guid":{"rendered":"https:\/\/www.neeb-werbesysteme.de\/news\/?p=5896"},"modified":"2015-12-08T14:11:55","modified_gmt":"2015-12-08T12:11:55","slug":"fahnenmast-alfa-zd-75-aluminium-nh-7-m-ohne-hissvorrichtung","status":"publish","type":"post","link":"https:\/\/www.neeb-werbesysteme.de\/news\/fahnen-fahnensysteme\/fahnenmastsysteme\/fahnenmast-alfa-zd-75-aluminium-nh-7-m-ohne-hissvorrichtung\/","title":{"rendered":"Fahnenmast alfa ZD 75 aus Aluminium Nennh\u00f6he 7,0 m ohne Hissvorrichtung"},"content":{"rendered":"<p>Fahnenmast<strong> alfa ZD 75<\/strong> aus Aluminium mit drehbarem 360\u00b0-Fahnenausleger <strong>ohne Hissvorrichtung<\/strong> &#8211; dank Ausleger wird eine windunabh\u00e4ngige Werbewirksamkeit gew\u00e4hrt, zudem bietet der <strong>Fahnenmast ZD 75<\/strong> einen hohen Bedienkomfort und weitestgehende <strong>Diebstahlsicherheit<\/strong>. Zum Hissen der Fahne muss der Mast aus der Bodenh\u00fclse entnommen werden und umgelegt werden.<!--more--><\/p>\n<h2>Fahnenmast ZD 75 &#8211; Nennh\u00f6he 7000 mm<\/h2>\n<p>Aluminium-Mastrohr zylindrisch glatt (\u00d8 75 x 3 mm, Werkstoff EN AW-6082T6, silberfarben eloxiert, Schichtst\u00e4rke 20 my), formsch\u00f6ne Kopfkappe aus Silumingu\u00df, grau kunststoffbeschichtet, eine integrierte Seilumlenkrolle, Langschlitten mit Kunststoff-Rotortr\u00e4ger und Rotor, abnehmbarer Fahnenausleger mit fixer L\u00e4nge von 1,25 m aus silber eloxiertem Aluminium.<br \/>\n<span style=\"text-decoration: underline;\">Ab 7 Meter Nennh\u00f6he mit Teleskopausleger 100\/160 cm ohne Aufpreis!<\/span><\/p>\n<p>Die Fahnenbefestigung am Mastrohr erfolgt mittels 4 Fahnenschlingen aus Perlon mit Kauschenpressung. Das Aufsteigen der Fahne wird durch ein Fahnenstrafferband mit Fahnengewicht aus Edelstahl verhindert.<\/p>\n<p>Der <strong>Fahnenmast ZD 75<\/strong> ist statisch nachgewiesen f\u00fcr eine Windlast von mind. 8 Beaufort (77 km\/h) bei frei auswehenden Fahnen von max. 1,50 x 4,00 m. Bei h\u00f6heren Windlasten ist &#8211; zur Vermeidung von Sch\u00e4den &#8211; die Fahne zwingend rechtzeitig abzunehmen.<\/p>\n<p>Bodenh\u00fclsen m\u00fcssen extra bestellt werden.<\/p>\n","protected":false},"excerpt":{"rendered":"<p>Fahnenmast alfa ZD 75 aus Aluminium mit drehbarem 360\u00b0-Fahnenausleger ohne Hissvorrichtung &#8211; dank Ausleger wird eine windunabh\u00e4ngige Werbewirksamkeit gew\u00e4hrt, zudem bietet der Fahnenmast ZD 75 einen hohen Bedienkomfort und weitestgehende Diebstahlsicherheit. Zum Hissen der Fahne muss der Mast aus der Bodenh\u00fclse entnommen werden und umgelegt werden.<\/p>\n","protected":false},"author":1,"featured_media":0,"comment_status":"open","ping_status":"open","sticky":false,"template":"","format":"standard","meta":{"_acf_changed":false,"footnotes":""},"categories":[869],"tags":[434,1044,1045,1046,1047],"class_list":{"0":"post-5896","1":"post","2":"type-post","3":"status-publish","4":"format-standard","6":"category-fahnenmastsysteme","7":"tag-fahnenmast","8":"tag-alfa-zd-75","9":"tag-zd-75","10":"tag-fahnenmast-alfa-zd-75","11":"tag-ohne-hissvorrichtung"},"acf":[],"_links":{"self":[{"href":"https:\/\/www.neeb-werbesysteme.de\/news\/wp-json\/wp\/v2\/posts\/5896","targetHints":{"allow":["GET"]}}],"collection":[{"href":"https:\/\/www.neeb-werbesysteme.de\/news\/wp-json\/wp\/v2\/posts"}],"about":[{"href":"https:\/\/www.neeb-werbesysteme.de\/news\/wp-json\/wp\/v2\/types\/post"}],"author":[{"embeddable":true,"href":"https:\/\/www.neeb-werbesysteme.de\/news\/wp-json\/wp\/v2\/users\/1"}],"replies":[{"embeddable":true,"href":"https:\/\/www.neeb-werbesysteme.de\/news\/wp-json\/wp\/v2\/comments?post=5896"}],"version-history":[{"count":0,"href":"https:\/\/www.neeb-werbesysteme.de\/news\/wp-json\/wp\/v2\/posts\/5896\/revisions"}],"wp:attachment":[{"href":"https:\/\/www.neeb-werbesysteme.de\/news\/wp-json\/wp\/v2\/media?parent=5896"}],"wp:term":[{"taxonomy":"category","embeddable":true,"href":"https:\/\/www.neeb-werbesysteme.de\/news\/wp-json\/wp\/v2\/categories?post=5896"},{"taxonomy":"post_tag","embeddable":true,"href":"https:\/\/www.neeb-werbesysteme.de\/news\/wp-json\/wp\/v2\/tags?post=5896"}],"curies":[{"name":"wp","href":"https:\/\/api.w.org\/{rel}","templated":true}]}}