{"id":5883,"date":"2013-08-18T12:02:20","date_gmt":"2013-08-18T10:02:20","guid":{"rendered":"https:\/\/www.neeb-werbesysteme.de\/news\/?p=5883"},"modified":"2015-12-08T14:09:53","modified_gmt":"2015-12-08T12:09:53","slug":"fahnenmast-alfa-za-75-aluminium-nh-8-m-mit-hissvorrichtung","status":"publish","type":"post","link":"https:\/\/www.neeb-werbesysteme.de\/news\/fahnen-fahnensysteme\/fahnenmastsysteme\/fahnenmast-alfa-za-75-aluminium-nh-8-m-mit-hissvorrichtung\/","title":{"rendered":"Fahnenmast alfa ZA 75 aus Aluminium Nennh\u00f6he 8,0 m mit Hissvorrichtung"},"content":{"rendered":"<p><strong>Fahnenmast alfa ZA 75<\/strong> aus Aluminium mit drehbarem 360\u00b0-Fahnenausleger und <strong>Hissvorrichtung mit Innenseilf\u00fchrung<\/strong> &#8211; dank Ausleger wird eine windunabh\u00e4ngige Werbewirksamkeit gew\u00e4hrt, zudem bietet der <strong>Fahnenmast ZA 75<\/strong> einen hohen Bedienkomfort und weitestgehende <strong>Diebstahlsicherheit<\/strong> durch zehntausendfach bewehrte Innenseilf\u00fchrung.<!--more--><\/p>\n<h2>Fahnenmast ZA 75 &#8211; Nennh\u00f6he 8000 mm<\/h2>\n<p>Aluminium-Mastrohr zylindrisch mit Nut (\u00d8 75 x 3 mm, Werkstoff EN AW-6082T6, silberfarben eloxiert, Schichtst\u00e4rke 20 my), formsch\u00f6ne Kopfkappe aus Silumingu\u00df, grau kunststoffbeschichtet, eine integrierte Seilumlenkrolle, Langschlitten mit Kunststoff-Rotortr\u00e4ger und Rotor, abnehmbarer Fahnenausleger mit fixer L\u00e4nge von 1,25 m aus silber eloxiertem Aluminium.<br \/>\n<span style=\"text-decoration: underline;\">Ab 7 Meter Nennh\u00f6he mit Teleskopausleger 100\/160 cm ohne Aufpreis!<\/span><\/p>\n<p>Die Fahnenbefestigung am Mastrohr erfolgt mittels 4 Fahnenschlingen aus Perlon mit Kauschenpressung. Das Aufsteigen der Fahne wird durch ein Fahnenstrafferband mit Fahnengewicht aus Edelstahl verhindert. Im Mastrohr verdeckt laufendes Perlon-Hissseil\u00a0 \u00d8 5mm, Bedienert\u00fcrchen mit Riegelschloss, Schnellfixiersystem f\u00fcr Hissseil.<\/p>\n<p>Der <strong>Fahnenmast ZA75<\/strong> ist statisch nachgewiesen f\u00fcr eine Windlast von mind. 8 Beaufort (77 km\/h) bei frei auswehenden Fahnen von max. 1,50 x 4,00 m. Bei h\u00f6heren Windlasten ist &#8211; zur Vermeidung von Sch\u00e4den &#8211; die Fahne zwingend rechtzeitig abzunehmen.<\/p>\n<p>Bodenh\u00fclsen m\u00fcssen extra bestellt werden.<\/p>\n","protected":false},"excerpt":{"rendered":"<p>Fahnenmast alfa ZA 75 aus Aluminium mit drehbarem 360\u00b0-Fahnenausleger und Hissvorrichtung mit Innenseilf\u00fchrung &#8211; dank Ausleger wird eine windunabh\u00e4ngige Werbewirksamkeit gew\u00e4hrt, zudem bietet der Fahnenmast ZA 75 einen hohen Bedienkomfort und weitestgehende Diebstahlsicherheit durch zehntausendfach bewehrte Innenseilf\u00fchrung.<\/p>\n","protected":false},"author":1,"featured_media":0,"comment_status":"open","ping_status":"open","sticky":false,"template":"","format":"standard","meta":{"_acf_changed":false,"footnotes":""},"categories":[869],"tags":[434,870,871,872,873],"class_list":{"0":"post-5883","1":"post","2":"type-post","3":"status-publish","4":"format-standard","6":"category-fahnenmastsysteme","7":"tag-fahnenmast","8":"tag-fahnenmast-alfa-za-75","9":"tag-alfa-za-75","10":"tag-fahnenmast-alfa","11":"tag-alfa-fahnenmast"},"acf":[],"_links":{"self":[{"href":"https:\/\/www.neeb-werbesysteme.de\/news\/wp-json\/wp\/v2\/posts\/5883","targetHints":{"allow":["GET"]}}],"collection":[{"href":"https:\/\/www.neeb-werbesysteme.de\/news\/wp-json\/wp\/v2\/posts"}],"about":[{"href":"https:\/\/www.neeb-werbesysteme.de\/news\/wp-json\/wp\/v2\/types\/post"}],"author":[{"embeddable":true,"href":"https:\/\/www.neeb-werbesysteme.de\/news\/wp-json\/wp\/v2\/users\/1"}],"replies":[{"embeddable":true,"href":"https:\/\/www.neeb-werbesysteme.de\/news\/wp-json\/wp\/v2\/comments?post=5883"}],"version-history":[{"count":0,"href":"https:\/\/www.neeb-werbesysteme.de\/news\/wp-json\/wp\/v2\/posts\/5883\/revisions"}],"wp:attachment":[{"href":"https:\/\/www.neeb-werbesysteme.de\/news\/wp-json\/wp\/v2\/media?parent=5883"}],"wp:term":[{"taxonomy":"category","embeddable":true,"href":"https:\/\/www.neeb-werbesysteme.de\/news\/wp-json\/wp\/v2\/categories?post=5883"},{"taxonomy":"post_tag","embeddable":true,"href":"https:\/\/www.neeb-werbesysteme.de\/news\/wp-json\/wp\/v2\/tags?post=5883"}],"curies":[{"name":"wp","href":"https:\/\/api.w.org\/{rel}","templated":true}]}}