{"id":2416,"date":"2015-03-02T14:05:07","date_gmt":"2015-03-02T12:05:07","guid":{"rendered":"https:\/\/www.neeb-werbesysteme.de\/news\/?p=2416"},"modified":"2022-04-06T11:16:01","modified_gmt":"2022-04-06T09:16:01","slug":"alu-bannerrahmen-wand-fuer-banner-5000x3000mm","status":"publish","type":"post","link":"https:\/\/www.neeb-werbesysteme.de\/news\/bannerrahmen-systeme\/bannerrahmen-wand\/alu-bannerrahmen-wand-fuer-banner-5000x3000mm\/","title":{"rendered":"Bannerrahmen Wandmontage 5,15 x 3,15 m \/ Banner 5,0 x 3,0 m"},"content":{"rendered":"<p><strong>Bannerrahmen Wand<\/strong> \u2013 Bannerrahmen-Stecksystem&nbsp; zur <strong>Wandmontage<\/strong> aus Aluminiumrohr (Wandst\u00e4rke 2 mm, Rohrdurchmesser 48 mm) mit verzinkten Rohrverbindern und Montagehalterungen zur Befestigung auf einem flachen, harten Untergrund, inkl. passenden Spanngummis, ohne Schrauben und D\u00fcbel.<!--more--><\/p>\n<h3>Bannerdruck passend konfektioniert (optional)<\/h3>\n<p>Bannerdruck als hochwertiger UV-Digitaldruck (CMYK) wahlweise auf <strong>Gitternetzplane Meshbanner<\/strong> (PVC-Mesh Premium B1 ca. 350 g\/m\u00b2) oder auf <strong>Vollplane<\/strong> (PVC-Frontlit Premium B1 ca. 510 g\/m\u00b2). Alle Spannbanner sind ringsum randverst\u00e4rkt geschwei\u00dft und alle ca. 500 mm ge\u00f6st, andere Konfektionierungen jederzeit auf Anfrage m\u00f6glich.<\/p>\n<h3><img loading=\"lazy\" decoding=\"async\" class=\"alignright wp-image-6062 \" src=\"https:\/\/www.neeb-werbesysteme.de\/news\/uploads\/2015\/03\/tuev_rheinland_logo-285x300.jpg\" sizes=\"auto, (max-width: 133px) 100vw, 133px\" srcset=\"https:\/\/www.neeb-werbesysteme.de\/news\/uploads\/2015\/03\/tuev_rheinland_logo-285x300.jpg 285w, https:\/\/www.neeb-werbesysteme.de\/news\/uploads\/2015\/03\/tuev_rheinland_logo.jpg 396w\" alt=\"tuev_rheinland_logo\" width=\"133\" height=\"140\">Bannerrahmen Rohrverbinder<\/h3>\n<p>Bannerrahmen Stecksystem zur Wandmontage aus eigener Herstellung, ausgestattet mit zertifizierten Rohrverbindern (T\u00dcV-Rheinland) aus verzinktem Stahl.<\/p>\n<p>Wir konfektionieren ausserdem alle Bannerrahmen Wunschma\u00dfe und Sonderkonstruktionen auf Anfrage!<\/p>\n","protected":false},"excerpt":{"rendered":"<p>Bannerrahmen Wand \u2013 Bannerrahmen-Stecksystem&nbsp; zur Wandmontage aus Aluminiumrohr (Wandst\u00e4rke 2 mm, Rohrdurchmesser 48 mm) mit verzinkten Rohrverbindern und Montagehalterungen zur Befestigung auf einem flachen, harten Untergrund, inkl. passenden Spanngummis, ohne Schrauben und D\u00fcbel.<\/p>\n","protected":false},"author":1,"featured_media":0,"comment_status":"open","ping_status":"open","sticky":false,"template":"","format":"standard","meta":{"_acf_changed":false,"footnotes":""},"categories":[1070],"tags":[143,159,459,460,461,462,463,465],"class_list":{"0":"post-2416","1":"post","2":"type-post","3":"status-publish","4":"format-standard","6":"category-bannerrahmen-wand","7":"tag-bannerrahmen-wandmontage","8":"tag-spannrahmen","9":"tag-aluminium-bannerrahmen","10":"tag-bannrrahmen","11":"tag-alu-spannrahmen","12":"tag-bannerdruck","13":"tag-banner-rahmen","14":"tag-spann-rahmen"},"acf":[],"_links":{"self":[{"href":"https:\/\/www.neeb-werbesysteme.de\/news\/wp-json\/wp\/v2\/posts\/2416","targetHints":{"allow":["GET"]}}],"collection":[{"href":"https:\/\/www.neeb-werbesysteme.de\/news\/wp-json\/wp\/v2\/posts"}],"about":[{"href":"https:\/\/www.neeb-werbesysteme.de\/news\/wp-json\/wp\/v2\/types\/post"}],"author":[{"embeddable":true,"href":"https:\/\/www.neeb-werbesysteme.de\/news\/wp-json\/wp\/v2\/users\/1"}],"replies":[{"embeddable":true,"href":"https:\/\/www.neeb-werbesysteme.de\/news\/wp-json\/wp\/v2\/comments?post=2416"}],"version-history":[{"count":0,"href":"https:\/\/www.neeb-werbesysteme.de\/news\/wp-json\/wp\/v2\/posts\/2416\/revisions"}],"wp:attachment":[{"href":"https:\/\/www.neeb-werbesysteme.de\/news\/wp-json\/wp\/v2\/media?parent=2416"}],"wp:term":[{"taxonomy":"category","embeddable":true,"href":"https:\/\/www.neeb-werbesysteme.de\/news\/wp-json\/wp\/v2\/categories?post=2416"},{"taxonomy":"post_tag","embeddable":true,"href":"https:\/\/www.neeb-werbesysteme.de\/news\/wp-json\/wp\/v2\/tags?post=2416"}],"curies":[{"name":"wp","href":"https:\/\/api.w.org\/{rel}","templated":true}]}}