{"id":2394,"date":"2013-10-28T11:07:13","date_gmt":"2013-10-28T09:07:13","guid":{"rendered":"https:\/\/www.neeb-werbesysteme.de\/news\/?p=2394"},"modified":"2022-04-06T11:22:00","modified_gmt":"2022-04-06T09:22:00","slug":"bannerrahmen-wandmontage-2500-x-2500-mm","status":"publish","type":"post","link":"https:\/\/www.neeb-werbesysteme.de\/news\/bannerrahmen-systeme\/bannerrahmen-wand\/bannerrahmen-wandmontage-2500-x-2500-mm\/","title":{"rendered":"Bannerrahmen Wandmontage 2,5 x 2,5 m \/ Banner 2,35 x 2,35 m"},"content":{"rendered":"<p>Der Aluminium <strong>Bannerrahmen zur Wandmontage<\/strong> ist ein Bannerrahmen-Stecksystem aus Aluminiumrohr mit Rohrverbindern und Wandhaltern zur Wandmontage von bedruckten Bannern.<!--more--><\/p>\n<h2>Zertifizierte Rohrverbinder<\/h2>\n<p>Hochwertige Rohrverbinder, Stahl verzinkt und T\u00dcV zertifiziert, verbinden Aluminumrohr (\u00d8 48 mm, Wandung 2 mm) zu einem leichten und stabilen Bannerrahmen Stecksystem f\u00fcr Fassadenbanner.<\/p>\n<h2>Bannerdruck f\u00fcr Bannerrahmen Wandmontage<\/h2>\n<p>Bannerdrucke auf PVC-Meshbanner 350 Premium B1, PVC-Frontlitbanner 510Premium B1 oder die g\u00fcnstige Alternative PVC-Meshbanner 280 Premium B1 inkl. hochwertigen Digitaldruck CMYK. Alle Banner sind passend konfektioniert, ringsum randverst\u00e4rkt geschwei\u00dft und alle 500 mm ge\u00f6st.<\/p>\n<p>Wir drucken beliebig viele Motive pro Druckauftrag ohne Aufpreis. Weiteres Bannermaterial wie BlockOut, Meshpolyester, Reflexplane, Stoffe, doppelseitige Meshbanner oder andere Konfektionierungen bieten wir gerne auf Anfrage an.<\/p>\n<h2>Spannhaken f\u00fcr Fassadenrahmen<\/h2>\n<p>Zur Fixierung der Bannerdrucke am Fassadenrahmen sind schwarze Spannhaken (L=250 mm, \u00d88mm) im Set enthalten. Die ge\u00f6sten Banner lassen sich so m\u00fchelos in den montierten Fassadenrahmen spannen.<\/p>\n","protected":false},"excerpt":{"rendered":"<p>Der Aluminium Bannerrahmen zur Wandmontage ist ein Bannerrahmen-Stecksystem aus Aluminiumrohr mit Rohrverbindern und Wandhaltern zur Wandmontage von bedruckten Bannern.<\/p>\n","protected":false},"author":1,"featured_media":0,"comment_status":"closed","ping_status":"open","sticky":false,"template":"","format":"standard","meta":{"_acf_changed":false,"footnotes":""},"categories":[1070],"tags":[143,1081,459,460,1250],"class_list":{"0":"post-2394","1":"post","2":"type-post","3":"status-publish","4":"format-standard","6":"category-bannerrahmen-wand","7":"tag-bannerrahmen-wandmontage","8":"tag-bannerrahmen-stecksystem","9":"tag-aluminium-bannerrahmen","10":"tag-bannrrahmen","11":"tag-fassadenrahmen"},"acf":[],"_links":{"self":[{"href":"https:\/\/www.neeb-werbesysteme.de\/news\/wp-json\/wp\/v2\/posts\/2394","targetHints":{"allow":["GET"]}}],"collection":[{"href":"https:\/\/www.neeb-werbesysteme.de\/news\/wp-json\/wp\/v2\/posts"}],"about":[{"href":"https:\/\/www.neeb-werbesysteme.de\/news\/wp-json\/wp\/v2\/types\/post"}],"author":[{"embeddable":true,"href":"https:\/\/www.neeb-werbesysteme.de\/news\/wp-json\/wp\/v2\/users\/1"}],"replies":[{"embeddable":true,"href":"https:\/\/www.neeb-werbesysteme.de\/news\/wp-json\/wp\/v2\/comments?post=2394"}],"version-history":[{"count":0,"href":"https:\/\/www.neeb-werbesysteme.de\/news\/wp-json\/wp\/v2\/posts\/2394\/revisions"}],"wp:attachment":[{"href":"https:\/\/www.neeb-werbesysteme.de\/news\/wp-json\/wp\/v2\/media?parent=2394"}],"wp:term":[{"taxonomy":"category","embeddable":true,"href":"https:\/\/www.neeb-werbesysteme.de\/news\/wp-json\/wp\/v2\/categories?post=2394"},{"taxonomy":"post_tag","embeddable":true,"href":"https:\/\/www.neeb-werbesysteme.de\/news\/wp-json\/wp\/v2\/tags?post=2394"}],"curies":[{"name":"wp","href":"https:\/\/api.w.org\/{rel}","templated":true}]}}