{"id":1035,"date":"2012-03-30T16:31:14","date_gmt":"2012-03-30T14:31:14","guid":{"rendered":"https:\/\/www.neeb-werbesysteme.de\/news\/?p=1035"},"modified":"2013-07-24T18:15:34","modified_gmt":"2013-07-24T17:15:34","slug":"kirchenfahnen-hissfertig","status":"publish","type":"post","link":"https:\/\/www.neeb-werbesysteme.de\/news\/fahnen-fahnensysteme\/kirchenfahnen-hissfertig\/","title":{"rendered":"Kirchenfahnen hissfertig &#8211; katholische, evangelische,&#8230; Kirchenfahnen"},"content":{"rendered":"<p>Wir liefern Ihnen <strong>hissfertige Werbefahnen<\/strong> f\u00fcr alle Einsatzzwecke. <!--more--><\/p>\n<h2>Kirchenfahnen &#8211; Material<\/h2>\n<p>SFS Glanzpolyster, 110 g\/qm hochwertiges Polyestergewirke gelb\/wei\u00df, 100 % Markenpolyester, Streifen werden standardm\u00e4\u00dfig zusammengen\u00e4ht. Auch andere Farbvarianten sind m\u00f6glich!<\/p>\n<h2>Kirchenfahnen &#8211; Verarbeitung<\/h2>\n<p>Ringsum mit Doppelsicherheitsnaht, Oberkante mit Hohlsaum (\u00d8 ca. 50 mm) aus wei\u00dfem Besatzband zur Aufnahme einer Bannereinrichtung aus Holz.<\/p>\n<h2>Kirchenfahnen &#8211; Zubeh\u00f6r<\/h2>\n<p>Kirchenfahnen inklusive Bannereinrichtung aus Holz, mit Bannereicheln, Kordelaufh\u00e4ngung mit Haltekarabinern aus Kunststoff, Ringbandsicherung mit beigelegter Halteleine, inkl. Ring\u00f6sen.<\/p>\n<p><strong><span style=\"color: #ff0000;\">Andere Ma\u00dfe und gr\u00f6\u00dfere Mengen auf Anfrage!<\/span><\/strong><br \/>\n<strong><span style=\"color: #ff0000;\"> Auch mit Ihrem Wunschmotiv!<\/span><\/strong><\/p>\n<p><strong>Mehr Info &amp; Angebot als PDF:<\/strong> <a title=\"Kirchenfahnen\" href=\"https:\/\/www.neeb-werbesysteme.de\/angebote\/fahnen\/Kirchenfahnen.pdf\" target=\"_blank\">hissfertige Kirchenfahnen<\/a><\/p>\n","protected":false},"excerpt":{"rendered":"<p>Wir liefern Ihnen hissfertige Werbefahnen f\u00fcr alle Einsatzzwecke.<\/p>\n","protected":false},"author":1,"featured_media":0,"comment_status":"open","ping_status":"open","sticky":false,"template":"","format":"standard","meta":{"_acf_changed":false,"footnotes":""},"categories":[20,205],"tags":[225,226,435,488,489,490,491,492],"class_list":{"0":"post-1035","1":"post","2":"type-post","3":"status-publish","4":"format-standard","6":"category-fahnen-fahnensysteme","7":"category-news","8":"tag-katholische-kirchenfahne","9":"tag-kirchenfahne","10":"tag-fahne","11":"tag-kirchenfahnen","12":"tag-okomenische-kirchenfahne","13":"tag-evangelische-kirchenfahne","14":"tag-hissfertig","15":"tag-glanzpolyester"},"acf":[],"_links":{"self":[{"href":"https:\/\/www.neeb-werbesysteme.de\/news\/wp-json\/wp\/v2\/posts\/1035","targetHints":{"allow":["GET"]}}],"collection":[{"href":"https:\/\/www.neeb-werbesysteme.de\/news\/wp-json\/wp\/v2\/posts"}],"about":[{"href":"https:\/\/www.neeb-werbesysteme.de\/news\/wp-json\/wp\/v2\/types\/post"}],"author":[{"embeddable":true,"href":"https:\/\/www.neeb-werbesysteme.de\/news\/wp-json\/wp\/v2\/users\/1"}],"replies":[{"embeddable":true,"href":"https:\/\/www.neeb-werbesysteme.de\/news\/wp-json\/wp\/v2\/comments?post=1035"}],"version-history":[{"count":0,"href":"https:\/\/www.neeb-werbesysteme.de\/news\/wp-json\/wp\/v2\/posts\/1035\/revisions"}],"wp:attachment":[{"href":"https:\/\/www.neeb-werbesysteme.de\/news\/wp-json\/wp\/v2\/media?parent=1035"}],"wp:term":[{"taxonomy":"category","embeddable":true,"href":"https:\/\/www.neeb-werbesysteme.de\/news\/wp-json\/wp\/v2\/categories?post=1035"},{"taxonomy":"post_tag","embeddable":true,"href":"https:\/\/www.neeb-werbesysteme.de\/news\/wp-json\/wp\/v2\/tags?post=1035"}],"curies":[{"name":"wp","href":"https:\/\/api.w.org\/{rel}","templated":true}]}}